{"id":78,"date":"2011-06-12T17:03:52","date_gmt":"2011-06-12T17:03:52","guid":{"rendered":"https:\/\/bluelemon.es\/?p=78"},"modified":"2019-06-26T21:15:24","modified_gmt":"2019-06-26T21:15:24","slug":"blue-lemon-asesora-a-kraft-foods","status":"publish","type":"post","link":"https:\/\/bluelemon.es\/en\/blue-lemon-asesora-a-kraft-foods\/","title":{"rendered":"Blue Lemon advises Kraft Foods"},"content":{"rendered":"<div id=\"wrapper\">\n<div id=\"main-content\">\n<div id=\"centercontent_bg\">\n<div class=\"clearpad\">\n<div class=\"blog\">\n<div class=\"items-leading\">\n<div class=\"leading-1\">\n<h2>Blue Lemon advises Kraft Foods<\/h2>\n<p>&nbsp;<\/p>\n<p align=\"center\"><strong>\u00a0 \u00a0 \u00a0 \u00a0 \u00a0<\/strong><\/p>\n<p align=\"center\"><strong>\u00a0\u00a0Cadbury's premises at El Prat (Barcelona)<\/strong><\/p>\n<p align=\"center\">Following Kraft Foods acquisition of Cadbury and in concordance with  its policy to only own production premises, Kraft Foods decides to sell the Property located at El Prat de Llobregat, as there was no production activity in that site that was only used as offices.<\/p>\n<p>The building developed 4.300 m\u00b2 of offices and more than 10.300 m\u00b2 of industrial warehouse, in a plot of 34.800 m\u00b2.<\/p>\n<p>Kraft Foods agrees with Blue Lemon to market this building, as a result during 2011 marketing process it was sold beginning of 2012 to Grupo DAMM breweries.<\/p>\n<div class=\"item-separator\"><\/div>\n<\/div>\n<\/div>\n<\/div>\n<div><\/div>\n<\/div>\n<\/div>\n<div class=\"clr\"><\/div>\n<\/div>\n<\/div>","protected":false},"excerpt":{"rendered":"<p>Blue Lemon asesora a Kraft Foods &nbsp; \u00a0 \u00a0 \u00a0 \u00a0 \u00a0 \u00a0\u00a0Instalaciones de Cadbury en El Prat\u00a0\u00a0 (Barcelona) Tras la adquisici\u00f3n de la empresa Cadbury por parte de Kraft Foods y siguiendo su pol\u00edtica de mantener en propiedad solo los activos destinados a producci\u00f3n, a finales de 2010 Kraft Foods decide poner a la [&hellip;]<\/p>","protected":false},"author":1,"featured_media":91,"comment_status":"open","ping_status":"closed","sticky":false,"template":"","format":"standard","meta":[],"categories":[1],"tags":[],"yoast_head":"<!-- This site is optimized with the Yoast SEO plugin v19.3 - https:\/\/yoast.com\/wordpress\/plugins\/seo\/ -->\n<title>Blue Lemon asesora a Kraft Foods - Bluelemon<\/title>\n<meta name=\"robots\" content=\"index, follow, max-snippet:-1, max-image-preview:large, max-video-preview:-1\" \/>\n<link rel=\"canonical\" href=\"https:\/\/bluelemon.es\/en\/blue-lemon-asesora-a-kraft-foods\/\" \/>\n<meta property=\"og:locale\" content=\"en_GB\" \/>\n<meta property=\"og:type\" content=\"article\" \/>\n<meta property=\"og:title\" content=\"Blue Lemon asesora a Kraft Foods - Bluelemon\" \/>\n<meta property=\"og:description\" content=\"Blue Lemon asesora a Kraft Foods &nbsp; \u00a0 \u00a0 \u00a0 \u00a0 \u00a0 \u00a0\u00a0Instalaciones de Cadbury en El Prat\u00a0\u00a0 (Barcelona) Tras la adquisici\u00f3n de la empresa Cadbury por parte de Kraft Foods y siguiendo su pol\u00edtica de mantener en propiedad solo los activos destinados a producci\u00f3n, a finales de 2010 Kraft Foods decide poner a la [&hellip;]\" \/>\n<meta property=\"og:url\" content=\"https:\/\/bluelemon.es\/en\/blue-lemon-asesora-a-kraft-foods\/\" \/>\n<meta property=\"og:site_name\" content=\"Bluelemon\" \/>\n<meta property=\"article:published_time\" content=\"2011-06-12T17:03:52+00:00\" \/>\n<meta property=\"article:modified_time\" content=\"2019-06-26T21:15:24+00:00\" \/>\n<meta property=\"og:image\" content=\"https:\/\/bluelemon.es\/wp-content\/uploads\/2019\/06\/Blue-Lemon-asesora-a-Kraft-Foods.jpg\" \/>\n\t<meta property=\"og:image:width\" content=\"1649\" \/>\n\t<meta property=\"og:image:height\" content=\"907\" \/>\n\t<meta property=\"og:image:type\" content=\"image\/jpeg\" \/>\n<meta name=\"author\" content=\"admin\" \/>\n<meta name=\"twitter:card\" content=\"summary_large_image\" \/>\n<meta name=\"twitter:label1\" content=\"Written by\" \/>\n\t<meta name=\"twitter:data1\" content=\"admin\" \/>\n\t<meta name=\"twitter:label2\" content=\"Estimated reading time\" \/>\n\t<meta name=\"twitter:data2\" content=\"1 minute\" \/>\n<script type=\"application\/ld+json\" class=\"yoast-schema-graph\">{\"@context\":\"https:\/\/schema.org\",\"@graph\":[{\"@type\":\"Organization\",\"@id\":\"https:\/\/bluelemon.es\/#organization\",\"name\":\"Bluelemon\",\"url\":\"https:\/\/bluelemon.es\/\",\"sameAs\":[],\"logo\":{\"@type\":\"ImageObject\",\"inLanguage\":\"en-GB\",\"@id\":\"https:\/\/bluelemon.es\/#\/schema\/logo\/image\/\",\"url\":\"https:\/\/bluelemon.es\/wp-content\/uploads\/2019\/06\/cropped-logo-e1560355500491-1.jpg\",\"contentUrl\":\"https:\/\/bluelemon.es\/wp-content\/uploads\/2019\/06\/cropped-logo-e1560355500491-1.jpg\",\"width\":300,\"height\":136,\"caption\":\"Bluelemon\"},\"image\":{\"@id\":\"https:\/\/bluelemon.es\/#\/schema\/logo\/image\/\"}},{\"@type\":\"WebSite\",\"@id\":\"https:\/\/bluelemon.es\/#website\",\"url\":\"https:\/\/bluelemon.es\/\",\"name\":\"Bluelemon\",\"description\":\"Asesor\u00eda Inmobiliaria\",\"publisher\":{\"@id\":\"https:\/\/bluelemon.es\/#organization\"},\"potentialAction\":[{\"@type\":\"SearchAction\",\"target\":{\"@type\":\"EntryPoint\",\"urlTemplate\":\"https:\/\/bluelemon.es\/?s={search_term_string}\"},\"query-input\":\"required name=search_term_string\"}],\"inLanguage\":\"en-GB\"},{\"@type\":\"ImageObject\",\"inLanguage\":\"en-GB\",\"@id\":\"https:\/\/bluelemon.es\/en\/blue-lemon-asesora-a-kraft-foods\/#primaryimage\",\"url\":\"https:\/\/bluelemon.es\/wp-content\/uploads\/2019\/06\/Blue-Lemon-asesora-a-Kraft-Foods.jpg\",\"contentUrl\":\"https:\/\/bluelemon.es\/wp-content\/uploads\/2019\/06\/Blue-Lemon-asesora-a-Kraft-Foods.jpg\",\"width\":1649,\"height\":907},{\"@type\":\"WebPage\",\"@id\":\"https:\/\/bluelemon.es\/en\/blue-lemon-asesora-a-kraft-foods\/\",\"url\":\"https:\/\/bluelemon.es\/en\/blue-lemon-asesora-a-kraft-foods\/\",\"name\":\"Blue Lemon asesora a Kraft Foods - Bluelemon\",\"isPartOf\":{\"@id\":\"https:\/\/bluelemon.es\/#website\"},\"primaryImageOfPage\":{\"@id\":\"https:\/\/bluelemon.es\/en\/blue-lemon-asesora-a-kraft-foods\/#primaryimage\"},\"datePublished\":\"2011-06-12T17:03:52+00:00\",\"dateModified\":\"2019-06-26T21:15:24+00:00\",\"breadcrumb\":{\"@id\":\"https:\/\/bluelemon.es\/en\/blue-lemon-asesora-a-kraft-foods\/#breadcrumb\"},\"inLanguage\":\"en-GB\",\"potentialAction\":[{\"@type\":\"ReadAction\",\"target\":[\"https:\/\/bluelemon.es\/en\/blue-lemon-asesora-a-kraft-foods\/\"]}]},{\"@type\":\"BreadcrumbList\",\"@id\":\"https:\/\/bluelemon.es\/en\/blue-lemon-asesora-a-kraft-foods\/#breadcrumb\",\"itemListElement\":[{\"@type\":\"ListItem\",\"position\":1,\"name\":\"Home\",\"item\":\"https:\/\/bluelemon.es\/\"},{\"@type\":\"ListItem\",\"position\":2,\"name\":\"Blue Lemon asesora a Kraft Foods\"}]},{\"@type\":\"Article\",\"@id\":\"https:\/\/bluelemon.es\/en\/blue-lemon-asesora-a-kraft-foods\/#article\",\"isPartOf\":{\"@id\":\"https:\/\/bluelemon.es\/en\/blue-lemon-asesora-a-kraft-foods\/\"},\"author\":{\"name\":\"admin\",\"@id\":\"https:\/\/bluelemon.es\/#\/schema\/person\/895ef543bc2d19d04f5bb86c279f4aa9\"},\"headline\":\"Blue Lemon asesora a Kraft Foods\",\"datePublished\":\"2011-06-12T17:03:52+00:00\",\"dateModified\":\"2019-06-26T21:15:24+00:00\",\"mainEntityOfPage\":{\"@id\":\"https:\/\/bluelemon.es\/en\/blue-lemon-asesora-a-kraft-foods\/\"},\"wordCount\":151,\"commentCount\":0,\"publisher\":{\"@id\":\"https:\/\/bluelemon.es\/#organization\"},\"image\":{\"@id\":\"https:\/\/bluelemon.es\/en\/blue-lemon-asesora-a-kraft-foods\/#primaryimage\"},\"thumbnailUrl\":\"https:\/\/bluelemon.es\/wp-content\/uploads\/2019\/06\/Blue-Lemon-asesora-a-Kraft-Foods.jpg\",\"articleSection\":[\"Uncategorized\"],\"inLanguage\":\"en-GB\",\"potentialAction\":[{\"@type\":\"CommentAction\",\"name\":\"Comment\",\"target\":[\"https:\/\/bluelemon.es\/en\/blue-lemon-asesora-a-kraft-foods\/#respond\"]}]},{\"@type\":\"Person\",\"@id\":\"https:\/\/bluelemon.es\/#\/schema\/person\/895ef543bc2d19d04f5bb86c279f4aa9\",\"name\":\"admin\",\"url\":\"https:\/\/bluelemon.es\/en\/author\/jcriadom2019\/\"}]}<\/script>\n<!-- \/ Yoast SEO plugin. -->","yoast_head_json":{"title":"Blue Lemon asesora a Kraft Foods - Bluelemon","robots":{"index":"index","follow":"follow","max-snippet":"max-snippet:-1","max-image-preview":"max-image-preview:large","max-video-preview":"max-video-preview:-1"},"canonical":"https:\/\/bluelemon.es\/en\/blue-lemon-asesora-a-kraft-foods\/","og_locale":"en_GB","og_type":"article","og_title":"Blue Lemon asesora a Kraft Foods - Bluelemon","og_description":"Blue Lemon asesora a Kraft Foods &nbsp; \u00a0 \u00a0 \u00a0 \u00a0 \u00a0 \u00a0\u00a0Instalaciones de Cadbury en El Prat\u00a0\u00a0 (Barcelona) Tras la adquisici\u00f3n de la empresa Cadbury por parte de Kraft Foods y siguiendo su pol\u00edtica de mantener en propiedad solo los activos destinados a producci\u00f3n, a finales de 2010 Kraft Foods decide poner a la [&hellip;]","og_url":"https:\/\/bluelemon.es\/en\/blue-lemon-asesora-a-kraft-foods\/","og_site_name":"Bluelemon","article_published_time":"2011-06-12T17:03:52+00:00","article_modified_time":"2019-06-26T21:15:24+00:00","og_image":[{"width":1649,"height":907,"url":"https:\/\/bluelemon.es\/wp-content\/uploads\/2019\/06\/Blue-Lemon-asesora-a-Kraft-Foods.jpg","type":"image\/jpeg"}],"author":"admin","twitter_card":"summary_large_image","twitter_misc":{"Written by":"admin","Estimated reading time":"1 minute"},"schema":{"@context":"https:\/\/schema.org","@graph":[{"@type":"Organization","@id":"https:\/\/bluelemon.es\/#organization","name":"Bluelemon","url":"https:\/\/bluelemon.es\/","sameAs":[],"logo":{"@type":"ImageObject","inLanguage":"en-GB","@id":"https:\/\/bluelemon.es\/#\/schema\/logo\/image\/","url":"https:\/\/bluelemon.es\/wp-content\/uploads\/2019\/06\/cropped-logo-e1560355500491-1.jpg","contentUrl":"https:\/\/bluelemon.es\/wp-content\/uploads\/2019\/06\/cropped-logo-e1560355500491-1.jpg","width":300,"height":136,"caption":"Bluelemon"},"image":{"@id":"https:\/\/bluelemon.es\/#\/schema\/logo\/image\/"}},{"@type":"WebSite","@id":"https:\/\/bluelemon.es\/#website","url":"https:\/\/bluelemon.es\/","name":"Bluelemon","description":"Asesor\u00eda Inmobiliaria","publisher":{"@id":"https:\/\/bluelemon.es\/#organization"},"potentialAction":[{"@type":"SearchAction","target":{"@type":"EntryPoint","urlTemplate":"https:\/\/bluelemon.es\/?s={search_term_string}"},"query-input":"required name=search_term_string"}],"inLanguage":"en-GB"},{"@type":"ImageObject","inLanguage":"en-GB","@id":"https:\/\/bluelemon.es\/en\/blue-lemon-asesora-a-kraft-foods\/#primaryimage","url":"https:\/\/bluelemon.es\/wp-content\/uploads\/2019\/06\/Blue-Lemon-asesora-a-Kraft-Foods.jpg","contentUrl":"https:\/\/bluelemon.es\/wp-content\/uploads\/2019\/06\/Blue-Lemon-asesora-a-Kraft-Foods.jpg","width":1649,"height":907},{"@type":"WebPage","@id":"https:\/\/bluelemon.es\/en\/blue-lemon-asesora-a-kraft-foods\/","url":"https:\/\/bluelemon.es\/en\/blue-lemon-asesora-a-kraft-foods\/","name":"Blue Lemon asesora a Kraft Foods - Bluelemon","isPartOf":{"@id":"https:\/\/bluelemon.es\/#website"},"primaryImageOfPage":{"@id":"https:\/\/bluelemon.es\/en\/blue-lemon-asesora-a-kraft-foods\/#primaryimage"},"datePublished":"2011-06-12T17:03:52+00:00","dateModified":"2019-06-26T21:15:24+00:00","breadcrumb":{"@id":"https:\/\/bluelemon.es\/en\/blue-lemon-asesora-a-kraft-foods\/#breadcrumb"},"inLanguage":"en-GB","potentialAction":[{"@type":"ReadAction","target":["https:\/\/bluelemon.es\/en\/blue-lemon-asesora-a-kraft-foods\/"]}]},{"@type":"BreadcrumbList","@id":"https:\/\/bluelemon.es\/en\/blue-lemon-asesora-a-kraft-foods\/#breadcrumb","itemListElement":[{"@type":"ListItem","position":1,"name":"Home","item":"https:\/\/bluelemon.es\/"},{"@type":"ListItem","position":2,"name":"Blue Lemon asesora a Kraft Foods"}]},{"@type":"Article","@id":"https:\/\/bluelemon.es\/en\/blue-lemon-asesora-a-kraft-foods\/#article","isPartOf":{"@id":"https:\/\/bluelemon.es\/en\/blue-lemon-asesora-a-kraft-foods\/"},"author":{"name":"admin","@id":"https:\/\/bluelemon.es\/#\/schema\/person\/895ef543bc2d19d04f5bb86c279f4aa9"},"headline":"Blue Lemon asesora a Kraft Foods","datePublished":"2011-06-12T17:03:52+00:00","dateModified":"2019-06-26T21:15:24+00:00","mainEntityOfPage":{"@id":"https:\/\/bluelemon.es\/en\/blue-lemon-asesora-a-kraft-foods\/"},"wordCount":151,"commentCount":0,"publisher":{"@id":"https:\/\/bluelemon.es\/#organization"},"image":{"@id":"https:\/\/bluelemon.es\/en\/blue-lemon-asesora-a-kraft-foods\/#primaryimage"},"thumbnailUrl":"https:\/\/bluelemon.es\/wp-content\/uploads\/2019\/06\/Blue-Lemon-asesora-a-Kraft-Foods.jpg","articleSection":["Uncategorized"],"inLanguage":"en-GB","potentialAction":[{"@type":"CommentAction","name":"Comment","target":["https:\/\/bluelemon.es\/en\/blue-lemon-asesora-a-kraft-foods\/#respond"]}]},{"@type":"Person","@id":"https:\/\/bluelemon.es\/#\/schema\/person\/895ef543bc2d19d04f5bb86c279f4aa9","name":"admin","url":"https:\/\/bluelemon.es\/en\/author\/jcriadom2019\/"}]}},"_links":{"self":[{"href":"https:\/\/bluelemon.es\/en\/wp-json\/wp\/v2\/posts\/78"}],"collection":[{"href":"https:\/\/bluelemon.es\/en\/wp-json\/wp\/v2\/posts"}],"about":[{"href":"https:\/\/bluelemon.es\/en\/wp-json\/wp\/v2\/types\/post"}],"author":[{"embeddable":true,"href":"https:\/\/bluelemon.es\/en\/wp-json\/wp\/v2\/users\/1"}],"replies":[{"embeddable":true,"href":"https:\/\/bluelemon.es\/en\/wp-json\/wp\/v2\/comments?post=78"}],"version-history":[{"count":2,"href":"https:\/\/bluelemon.es\/en\/wp-json\/wp\/v2\/posts\/78\/revisions"}],"predecessor-version":[{"id":93,"href":"https:\/\/bluelemon.es\/en\/wp-json\/wp\/v2\/posts\/78\/revisions\/93"}],"wp:featuredmedia":[{"embeddable":true,"href":"https:\/\/bluelemon.es\/en\/wp-json\/wp\/v2\/media\/91"}],"wp:attachment":[{"href":"https:\/\/bluelemon.es\/en\/wp-json\/wp\/v2\/media?parent=78"}],"wp:term":[{"taxonomy":"category","embeddable":true,"href":"https:\/\/bluelemon.es\/en\/wp-json\/wp\/v2\/categories?post=78"},{"taxonomy":"post_tag","embeddable":true,"href":"https:\/\/bluelemon.es\/en\/wp-json\/wp\/v2\/tags?post=78"}],"curies":[{"name":"wp","href":"https:\/\/api.w.org\/{rel}","templated":true}]}}